{"id":6674,"date":"2021-11-07T23:32:00","date_gmt":"2021-11-07T22:32:00","guid":{"rendered":"https:\/\/www.hoogstede.de\/wp-gemeinde\/?p=6674"},"modified":"2021-12-02T12:58:25","modified_gmt":"2021-12-02T11:58:25","slug":"harms-ensink-folgt-berends-als-buergermeister","status":"publish","type":"post","link":"https:\/\/www.hoogstede.de\/wp-gemeinde\/harms-ensink-folgt-berends-als-buergermeister\/","title":{"rendered":"Harms-Ensink folgt Berends als B\u00fcrgermeister"},"content":{"rendered":"\n<p><img loading=\"lazy\" decoding=\"async\" style=\"margin: 1px;\" src=\"https:\/\/www.hoogstede.de\/wp-gemeinde\/wp-content\/uploads\/2021\/11\/Buergermeisterwahl-2021.jpg\" alt=\"\" width=\"800\" height=\"533\"\/>Am 2. November hat der neue Gemeinderat seine konstituierende Sitzung abgehalten. B\u00fcrgermeister Fritz Berends, der nicht erneut kandidiert hatte, er\u00f6ffnete die Sitzung und dankte seinen bisherigen Wegbegleitern f\u00fcr die konstruktive Zusammenarbeit.&nbsp;<\/p>\n<p>Als neuer B\u00fcrgermeister wurde Jan Harms-Ensink vorgeschlagen und einstimmig gew\u00e4hlt. 1. stellvertretender B\u00fcrgermeister und Allgemeiner Verwaltungsvertreter wurde Stefan Westhuis, der ebenso einstimmig gew\u00e4hlt wurde wie Sandra Bleumer als 2. stellvertretende B\u00fcrgermeisterin.<\/p>\n<p>Harms-Ensink dankte f\u00fcr das entgegengebrachte Vertrauen und lobte die ausscheidenden Ratsmitglieder, besonders aber Fritz Berends, der sich engagiert f\u00fcr das Wohl der Gemeinde eingesetzt habe. Er w\u00fcnschte sich von den Ratsmitgliedern eine vertrauensvolle und konstruktive Zusammenarbeit und betonte: &#8220;Dass dies gelingen kann, habe ich heute Abend gemerkt, weil ich auch von den Mitgliedern der SPD und FDP zum B\u00fcrgermeister gew\u00e4hlt worden bin. Deshalb sehe ich die Basis daf\u00fcr geschaffen.&#8221;<\/p>\n<p>Foto v.l.: Fritz Berends, Jan Harms-Ensink, Sandra Bleumer, Stefan Westhuis,<\/p>\n","protected":false},"excerpt":{"rendered":"<p>Am 2. November hat der neue Gemeinderat seine konstituierende Sitzung abgehalten. B\u00fcrgermeister Fritz Berends, der nicht erneut kandidiert hatte, er\u00f6ffnete die Sitzung und dankte seinen bisherigen Wegbegleitern f\u00fcr die konstruktive Zusammenarbeit.&nbsp;<\/p>\n<p>Als neuer B\u00fcrgermeister wurde Jan Harms-Ensink vorgeschlagen und einstimmig gew\u00e4hlt. 1. stellvertretender B\u00fcrgermeister und Allgemeiner Verwaltungsvertreter wurde Stefan Westhuis, der ebenso einstimmig gew\u00e4hlt wurde &hellip; <\/p>\n<p><a class=\"more-link btn\" href=\"https:\/\/www.hoogstede.de\/wp-gemeinde\/harms-ensink-folgt-berends-als-buergermeister\/\">Weiterlesen<\/a><\/p>\n","protected":false},"author":2,"featured_media":0,"comment_status":"closed","ping_status":"closed","sticky":false,"template":"","format":"standard","meta":{"ngg_post_thumbnail":0,"footnotes":"","_links_to":"","_links_to_target":""},"categories":[2,4],"tags":[103],"class_list":["post-6674","post","type-post","status-publish","format-standard","hentry","category-aktuelles","category-ratssitzungen","tag-kommunalwahlen","item-wrap"],"_links":{"self":[{"href":"https:\/\/www.hoogstede.de\/wp-gemeinde\/wp-json\/wp\/v2\/posts\/6674","targetHints":{"allow":["GET"]}}],"collection":[{"href":"https:\/\/www.hoogstede.de\/wp-gemeinde\/wp-json\/wp\/v2\/posts"}],"about":[{"href":"https:\/\/www.hoogstede.de\/wp-gemeinde\/wp-json\/wp\/v2\/types\/post"}],"author":[{"embeddable":true,"href":"https:\/\/www.hoogstede.de\/wp-gemeinde\/wp-json\/wp\/v2\/users\/2"}],"replies":[{"embeddable":true,"href":"https:\/\/www.hoogstede.de\/wp-gemeinde\/wp-json\/wp\/v2\/comments?post=6674"}],"version-history":[{"count":4,"href":"https:\/\/www.hoogstede.de\/wp-gemeinde\/wp-json\/wp\/v2\/posts\/6674\/revisions"}],"predecessor-version":[{"id":6704,"href":"https:\/\/www.hoogstede.de\/wp-gemeinde\/wp-json\/wp\/v2\/posts\/6674\/revisions\/6704"}],"wp:attachment":[{"href":"https:\/\/www.hoogstede.de\/wp-gemeinde\/wp-json\/wp\/v2\/media?parent=6674"}],"wp:term":[{"taxonomy":"category","embeddable":true,"href":"https:\/\/www.hoogstede.de\/wp-gemeinde\/wp-json\/wp\/v2\/categories?post=6674"},{"taxonomy":"post_tag","embeddable":true,"href":"https:\/\/www.hoogstede.de\/wp-gemeinde\/wp-json\/wp\/v2\/tags?post=6674"}],"curies":[{"name":"wp","href":"https:\/\/api.w.org\/{rel}","templated":true}]}}