{"id":5588,"date":"2018-08-22T15:27:24","date_gmt":"2018-08-22T13:27:24","guid":{"rendered":"http:\/\/www.hoogstede.de\/wp-gemeinde\/?p=5588"},"modified":"2018-08-23T15:30:55","modified_gmt":"2018-08-23T13:30:55","slug":"vorverkauf-fuer-haydn-konzert-in-hoogstede","status":"publish","type":"post","link":"https:\/\/www.hoogstede.de\/wp-gemeinde\/vorverkauf-fuer-haydn-konzert-in-hoogstede\/","title":{"rendered":"Vorverkauf f\u00fcr Haydn-Konzert in Hoogstede"},"content":{"rendered":"<div class=\"first column\">\n<div class=\"div_paddingarticle\">\n<p class=\"abody split\"><span class=\"Fid_5\">Die Musikschule Niedergrafschaft veranstaltet am Sonnabend, 19. Januar 2019, um 19.30 Uhr in&nbsp; der Sporthalle<\/span><span class=\"Fid_5 split\">in Hoogstede die Auff\u00fchrung von Joseph Haydns Oratorium \u201eDie Jahreszeiten\u201c. An diesem Projekt sind neben dem Oost-Nederlands Symfonieorkest der Stedelijk Chor Enschede und der Kammerchor der Musikschule Niedergrafschaft beteiligt. Als Solisten wurden Evelyn Ziegler (Sopran), Wolfgang Klose (Tenor) und Peter Arink (Bass) verpflichtet. Die musikalische Leitung hat Musikschuldozentin Armanda ten Brink. <\/span><\/p>\n<p class=\"abody split\"><span class=\"Fid_5 split\">Die Musik<\/span><span class=\"Fid_5\"> Haydns bildlich untermalt<\/span><span class=\"Fid_5\"> der Sandk\u00fcnstler Gert van der Vijver. Karten zu 24 Euro (Kategorie 2) beziehungsweise 28 Euro (Kategorie 1) sind ab sofort im B\u00fcro der Musikschule Niedergrafschaft und an allen ProTicket Vorverkaufsstellen erh\u00e4ltlich. GN-Card Inhaber<\/span><span class=\"Fid_5\"> erhalten Rabatt.<\/span><\/p>\n<\/div>\n<\/div>\n","protected":false},"excerpt":{"rendered":"<p class=\"abody split\">Die Musikschule Niedergrafschaft veranstaltet am Sonnabend, 19. Januar 2019, um 19.30 Uhr in&nbsp; der Sporthallein Hoogstede die Auff\u00fchrung von Joseph Haydns Oratorium \u201eDie Jahreszeiten\u201c. An diesem Projekt sind neben dem Oost-Nederlands Symfonieorkest der Stedelijk Chor Enschede und der Kammerchor der Musikschule Niedergrafschaft beteiligt. Als Solisten wurden Evelyn Ziegler (Sopran), Wolfgang Klose (Tenor) und &hellip; <\/p>\n<p><a class=\"more-link btn\" href=\"https:\/\/www.hoogstede.de\/wp-gemeinde\/vorverkauf-fuer-haydn-konzert-in-hoogstede\/\">Weiterlesen<\/a><\/p>\n","protected":false},"author":2,"featured_media":0,"comment_status":"closed","ping_status":"closed","sticky":false,"template":"","format":"standard","meta":{"ngg_post_thumbnail":0,"footnotes":"","_links_to":"","_links_to_target":""},"categories":[2],"tags":[],"class_list":["post-5588","post","type-post","status-publish","format-standard","hentry","category-aktuelles","item-wrap"],"_links":{"self":[{"href":"https:\/\/www.hoogstede.de\/wp-gemeinde\/wp-json\/wp\/v2\/posts\/5588","targetHints":{"allow":["GET"]}}],"collection":[{"href":"https:\/\/www.hoogstede.de\/wp-gemeinde\/wp-json\/wp\/v2\/posts"}],"about":[{"href":"https:\/\/www.hoogstede.de\/wp-gemeinde\/wp-json\/wp\/v2\/types\/post"}],"author":[{"embeddable":true,"href":"https:\/\/www.hoogstede.de\/wp-gemeinde\/wp-json\/wp\/v2\/users\/2"}],"replies":[{"embeddable":true,"href":"https:\/\/www.hoogstede.de\/wp-gemeinde\/wp-json\/wp\/v2\/comments?post=5588"}],"version-history":[{"count":2,"href":"https:\/\/www.hoogstede.de\/wp-gemeinde\/wp-json\/wp\/v2\/posts\/5588\/revisions"}],"predecessor-version":[{"id":5590,"href":"https:\/\/www.hoogstede.de\/wp-gemeinde\/wp-json\/wp\/v2\/posts\/5588\/revisions\/5590"}],"wp:attachment":[{"href":"https:\/\/www.hoogstede.de\/wp-gemeinde\/wp-json\/wp\/v2\/media?parent=5588"}],"wp:term":[{"taxonomy":"category","embeddable":true,"href":"https:\/\/www.hoogstede.de\/wp-gemeinde\/wp-json\/wp\/v2\/categories?post=5588"},{"taxonomy":"post_tag","embeddable":true,"href":"https:\/\/www.hoogstede.de\/wp-gemeinde\/wp-json\/wp\/v2\/tags?post=5588"}],"curies":[{"name":"wp","href":"https:\/\/api.w.org\/{rel}","templated":true}]}}