{"id":5515,"date":"2018-04-18T10:44:46","date_gmt":"2018-04-18T08:44:46","guid":{"rendered":"http:\/\/www.hoogstede.de\/wp-gemeinde\/?p=5515"},"modified":"2018-04-18T10:45:09","modified_gmt":"2018-04-18T08:45:09","slug":"einladung-verlegung-stolperstein-fuer-berend-gertsen-am-20-april","status":"publish","type":"post","link":"https:\/\/www.hoogstede.de\/wp-gemeinde\/einladung-verlegung-stolperstein-fuer-berend-gertsen-am-20-april\/","title":{"rendered":"Einladung Verlegung &#8220;Stolperstein&#8221; f\u00fcr Berend Gertsen am 20. April"},"content":{"rendered":"<p>Die Klasse 9a der Hauptschule Emlichheim hat sich unter Leitung ihres Lehrers Andr\u00e9 Schaper im Rahmen des Unterrichtsthemas \u201eNationalsozialismus\u201c mit der Biografie von Berend Gertsen, der in Hoogstede im Armenhaus gelebt hat, auseinandergesetzt. Diese Projektarbeit war Anlass f\u00fcr den Rat der Gemeinde Hoogstede, der Verlegung eines \u201eStolpersteins\u201c zuzustimmen. In der Chronik der Gemeinde Hoogstede (erschienen in 2009) wird \u00fcber das Schicksal von Berend Gertsen &#8211; ein NS-Opfer aus Hoogstede \u2013 ebenfalls berichtet.<\/p>\n<p><!--more--><\/p>\n<p>Gertsen wurde 1933 erstmals wegen Beschimpfung der Reichsregierung in Schutzhaft genommen. Im Jahr 1943 wurde wegen Beleidigungen von Parteidienststellen, B\u00fcrgermeister und Beh\u00f6rden erneut Schutzhaft und \u00dcberf\u00fchrung in ein Konzentrationslager beantragt. Er wurde nach Sachsenhausen \u00fcberstellt, wo er am 24.07.1943 verstarb. Ein Blick in die Sekund\u00e4rliteratur l\u00e4sst den berechtigten Schluss zu, dass die in der Gestapo-Kartei als auch im Totenbuch des Konzentrationslagers Sachsenhausen angegebene Todesursache fingiert ist.<\/p>\n<p>Am <strong>Freitag, 20. April 2018 \u2013 14:30 Uhr<\/strong> wird durch den K\u00fcnstler Gunter Demnig auf der Zuwegung \u201eAltes Schulhaus\u201c, Bathorner Diek 12 (Gemeindeb\u00fcro) ein Stolperstein als Erinnerung an das Opfer verlegt. Herr Demnig wurde bekannt durch die bundes- und europaweite Verlegung von \u201eStolpersteinen\u201c, die er zur Erinnerung an Opfer des Nationalsozialismus verlegt.<\/p>\n<p>\u00dcber Ihre Teilnahme an der \u00f6ffentlichen Veranstaltung w\u00fcrden wir uns sehr freuen.<\/p>\n<p>Freundliche Gr\u00fc\u00dfe<\/p>\n<p><strong>Gemeinde Hoogstede<\/strong><\/p>\n<p>Fritz Berends<br \/>\nB\u00fcrgermeister<\/p>\n","protected":false},"excerpt":{"rendered":"<p>Die Klasse 9a der Hauptschule Emlichheim hat sich unter Leitung ihres Lehrers Andr\u00e9 Schaper im Rahmen des Unterrichtsthemas \u201eNationalsozialismus\u201c mit der Biografie von Berend Gertsen, der in Hoogstede im Armenhaus gelebt hat, auseinandergesetzt. Diese Projektarbeit war Anlass f\u00fcr den Rat der Gemeinde Hoogstede, der Verlegung eines \u201eStolpersteins\u201c zuzustimmen. In der Chronik der Gemeinde Hoogstede (erschienen &hellip; <\/p>\n<p><a class=\"more-link btn\" href=\"https:\/\/www.hoogstede.de\/wp-gemeinde\/einladung-verlegung-stolperstein-fuer-berend-gertsen-am-20-april\/\">Weiterlesen<\/a><\/p>\n","protected":false},"author":2,"featured_media":0,"comment_status":"closed","ping_status":"closed","sticky":false,"template":"","format":"standard","meta":{"ngg_post_thumbnail":0,"footnotes":"","_links_to":"","_links_to_target":""},"categories":[2,43],"tags":[],"class_list":["post-5515","post","type-post","status-publish","format-standard","hentry","category-aktuelles","category-veranstaltungen","item-wrap"],"_links":{"self":[{"href":"https:\/\/www.hoogstede.de\/wp-gemeinde\/wp-json\/wp\/v2\/posts\/5515","targetHints":{"allow":["GET"]}}],"collection":[{"href":"https:\/\/www.hoogstede.de\/wp-gemeinde\/wp-json\/wp\/v2\/posts"}],"about":[{"href":"https:\/\/www.hoogstede.de\/wp-gemeinde\/wp-json\/wp\/v2\/types\/post"}],"author":[{"embeddable":true,"href":"https:\/\/www.hoogstede.de\/wp-gemeinde\/wp-json\/wp\/v2\/users\/2"}],"replies":[{"embeddable":true,"href":"https:\/\/www.hoogstede.de\/wp-gemeinde\/wp-json\/wp\/v2\/comments?post=5515"}],"version-history":[{"count":2,"href":"https:\/\/www.hoogstede.de\/wp-gemeinde\/wp-json\/wp\/v2\/posts\/5515\/revisions"}],"predecessor-version":[{"id":5517,"href":"https:\/\/www.hoogstede.de\/wp-gemeinde\/wp-json\/wp\/v2\/posts\/5515\/revisions\/5517"}],"wp:attachment":[{"href":"https:\/\/www.hoogstede.de\/wp-gemeinde\/wp-json\/wp\/v2\/media?parent=5515"}],"wp:term":[{"taxonomy":"category","embeddable":true,"href":"https:\/\/www.hoogstede.de\/wp-gemeinde\/wp-json\/wp\/v2\/categories?post=5515"},{"taxonomy":"post_tag","embeddable":true,"href":"https:\/\/www.hoogstede.de\/wp-gemeinde\/wp-json\/wp\/v2\/tags?post=5515"}],"curies":[{"name":"wp","href":"https:\/\/api.w.org\/{rel}","templated":true}]}}